{"id":2356,"date":"2022-02-18T10:13:20","date_gmt":"2022-02-18T09:13:20","guid":{"rendered":"https:\/\/www.comite-costea.fr\/?post_type=actualite&#038;p=2356"},"modified":"2022-02-18T10:13:20","modified_gmt":"2022-02-18T09:13:20","slug":"le-costea-present-au-salon-international-de-lagriculture-sur-le-stand-de-lafeid","status":"publish","type":"actualite","link":"https:\/\/www.comite-costea.fr\/en\/actualite\/le-costea-present-au-salon-international-de-lagriculture-sur-le-stand-de-lafeid\/","title":{"rendered":"Le COSTEA pr\u00e9sent au Salon International de l&rsquo;Agriculture sur le stand de l&rsquo;AFEID"},"content":{"rendered":"<p>du samedi 26 f\u00e9vrier au dimanche 6 mars 2022<\/p>\n<p><strong>Lundi 28 f\u00e9vrier de 14h \u00e0 15h<\/strong> rendez-vous au stand AFD CIRAD pour une pr\u00e9sentation\/\u00e9changes COSTEA<\/p>\n<p>&nbsp;<\/p>","protected":false},"excerpt":{"rendered":"<p>du samedi 26 f\u00e9vrier au dimanche 6 mars 2022 Lundi 28 f\u00e9vrier de 14h \u00e0 15h rendez-vous au stand AFD CIRAD pour une pr\u00e9sentation\/\u00e9changes COSTEA &nbsp;<\/p>","protected":false},"author":2,"template":"","tags":[],"localisation":[],"type_contenu":[33],"acf":[],"_links":{"self":[{"href":"https:\/\/www.comite-costea.fr\/en\/wp-json\/wp\/v2\/actualite\/2356"}],"collection":[{"href":"https:\/\/www.comite-costea.fr\/en\/wp-json\/wp\/v2\/actualite"}],"about":[{"href":"https:\/\/www.comite-costea.fr\/en\/wp-json\/wp\/v2\/types\/actualite"}],"author":[{"embeddable":true,"href":"https:\/\/www.comite-costea.fr\/en\/wp-json\/wp\/v2\/users\/2"}],"wp:attachment":[{"href":"https:\/\/www.comite-costea.fr\/en\/wp-json\/wp\/v2\/media?parent=2356"}],"wp:term":[{"taxonomy":"post_tag","embeddable":true,"href":"https:\/\/www.comite-costea.fr\/en\/wp-json\/wp\/v2\/tags?post=2356"},{"taxonomy":"localisation","embeddable":true,"href":"https:\/\/www.comite-costea.fr\/en\/wp-json\/wp\/v2\/localisation?post=2356"},{"taxonomy":"type_contenu","embeddable":true,"href":"https:\/\/www.comite-costea.fr\/en\/wp-json\/wp\/v2\/type_contenu?post=2356"}],"curies":[{"name":"wp","href":"https:\/\/api.w.org\/{rel}","templated":true}]}}