{"id":5625,"date":"2022-07-21T14:59:26","date_gmt":"2022-07-21T12:59:26","guid":{"rendered":"https:\/\/www.comite-costea.fr\/?post_type=actualite&#038;p=5625"},"modified":"2023-02-14T10:59:37","modified_gmt":"2023-02-14T09:59:37","slug":"seminaire-de-restitution-costea2","status":"publish","type":"actualite","link":"https:\/\/www.comite-costea.fr\/en\/actualite\/seminaire-de-restitution-costea2\/","title":{"rendered":"S\u00e9minaire de restitution COSTEA2 &#8211; 21-25 Novembre 2022"},"content":{"rendered":"<p style=\"text-align: center;\"><strong>L&rsquo;\u00e9quipe COSTEA remercie tou(te)s celles et ceux ayant particip\u00e9 au s\u00e9minaire en pr\u00e9sentiel comme en distanciel&nbsp;!\u00a0\u00a0<\/strong><\/p>\n<p style=\"text-align: center;\">Con\u00e7u pour \u00eatre un lieu de rencontre et un moment d\u2019\u00e9changes entre scientifiques, experts, bureaux d&rsquo;\u00e9tudes, ma\u00eetrise d&rsquo;ouvrage, OP, minist\u00e8res, bailleurs de fonds internationaux actifs dans le secteur de l&rsquo;eau et de l&rsquo;agriculture et acteurs de la soci\u00e9t\u00e9 civile, cet \u00e9v\u00e8nement, qui a eu lieu \u00e0 Montpellier du 21 au 25 novembre 2022, a permis de restituer et valoriser les principaux r\u00e9sultats des \u00e9tudes r\u00e9alis\u00e9es et co-construire des perspectives \u00e0 donner au projet.<\/p>\n<p style=\"text-align: center;\">L\u2019\u00e9v\u00e8nement s&rsquo;est d\u00e9roul\u00e9 par journ\u00e9es th\u00e9matiques en lien avec les Actions Structurantes et\u00a0Collaboratives. Le format a vu alterner le matin des sessions de restitution et des tables rondes\u00a0et l\u2019apr\u00e8s-midi des ateliers\u00a0participatifs et des <span style=\"color: #000080;\">sorties de terrain<\/span> en parall\u00e8le. Retrouvez le <a href=\"https:\/\/www.comite-costea.fr\/wp-content\/uploads\/Programme-definitif_18112022-1.pdf\" target=\"_blank\" rel=\"noopener\"><strong>programme<\/strong><\/a> du s\u00e9minaire.\u00a0<\/p>\n<p>&nbsp;<\/p>\n<p style=\"text-align: center;\">\n<strong>T\u00e9l\u00e9chargez le rapport de synth\u00e8se du questionnaire d&rsquo;\u00e9valuation du s\u00e9minaire&nbsp;:<\/strong><\/p>\n<p><a href=\"https:\/\/www.comite-costea.fr\/wp-content\/uploads\/Rapport-evaluation-seminaire_15122022.pdf\" target=\"_blank\" rel=\"noopener\"><img decoding=\"async\" loading=\"lazy\" class=\"aligncenter wp-image-6056\" title=\"Rapport de synth\u00e8se du questionnaire d'\u00e9valuation\" src=\"https:\/\/www.comite-costea.fr\/wp-content\/uploads\/Copie-de-Rapport-de-synthese-du-questionnaire--728x1030.png\" alt=\"\" width=\"450\" height=\"636\" srcset=\"https:\/\/www.comite-costea.fr\/wp-content\/uploads\/Copie-de-Rapport-de-synthese-du-questionnaire--728x1030.png 728w, https:\/\/www.comite-costea.fr\/wp-content\/uploads\/Copie-de-Rapport-de-synthese-du-questionnaire--212x300.png 212w, https:\/\/www.comite-costea.fr\/wp-content\/uploads\/Copie-de-Rapport-de-synthese-du-questionnaire--768x1086.png 768w, https:\/\/www.comite-costea.fr\/wp-content\/uploads\/Copie-de-Rapport-de-synthese-du-questionnaire--1086x1536.png 1086w, https:\/\/www.comite-costea.fr\/wp-content\/uploads\/Copie-de-Rapport-de-synthese-du-questionnaire--8x12.png 8w, https:\/\/www.comite-costea.fr\/wp-content\/uploads\/Copie-de-Rapport-de-synthese-du-questionnaire--1061x1500.png 1061w, https:\/\/www.comite-costea.fr\/wp-content\/uploads\/Copie-de-Rapport-de-synthese-du-questionnaire--498x705.png 498w, https:\/\/www.comite-costea.fr\/wp-content\/uploads\/Copie-de-Rapport-de-synthese-du-questionnaire-.png 1414w\" sizes=\"(max-width: 450px) 100vw, 450px\" \/><\/a><\/p>\n<p>&nbsp;<\/p>\n<p>&nbsp;<\/p>\n<p style=\"text-align: center;\">Retrouvez les photos de l&rsquo;\u00e9v\u00e8nement dans les vid\u00e9os ci-dessous.\u00a0<\/p>\n<p><div class='avia-iframe-wrap'><iframe loading=\"lazy\" title=\"Jour 1   S\u00e9minaire de restitution COSTEA2\" width=\"1500\" height=\"844\" src=\"https:\/\/www.youtube.com\/embed\/XNp4wQCuNu8?feature=oembed\" frameborder=\"0\" allow=\"accelerometer; autoplay; clipboard-write; encrypted-media; gyroscope; picture-in-picture; web-share\" allowfullscreen><\/iframe><\/div>\n<\/p>\n<p><div class='avia-iframe-wrap'><iframe loading=\"lazy\" title=\"Jour 2   S\u00e9minaire de restitution COSTEA2\" width=\"1500\" height=\"844\" src=\"https:\/\/www.youtube.com\/embed\/NTJfTaaLuFg?feature=oembed\" frameborder=\"0\" allow=\"accelerometer; autoplay; clipboard-write; encrypted-media; gyroscope; picture-in-picture; web-share\" allowfullscreen><\/iframe><\/div>\n<\/p>\n<p><div class='avia-iframe-wrap'><iframe loading=\"lazy\" title=\"Jour 3 - S\u00e9minaire de restitution COSTEA2\" width=\"1500\" height=\"844\" src=\"https:\/\/www.youtube.com\/embed\/mRdvk9uFftE?feature=oembed\" frameborder=\"0\" allow=\"accelerometer; autoplay; clipboard-write; encrypted-media; gyroscope; picture-in-picture; web-share\" allowfullscreen><\/iframe><\/div>\n<\/p>\n<p><div class='avia-iframe-wrap'><iframe loading=\"lazy\" title=\"Jour 4   Seminaire COSTEA2\" width=\"1500\" height=\"844\" src=\"https:\/\/www.youtube.com\/embed\/S-tR_ZGMNeA?feature=oembed\" frameborder=\"0\" allow=\"accelerometer; autoplay; clipboard-write; encrypted-media; gyroscope; picture-in-picture; web-share\" allowfullscreen><\/iframe><\/div>\n<\/p>\n<p><div class='avia-iframe-wrap'><iframe loading=\"lazy\" title=\"Jour 5   Seminaire COSTEA2\" width=\"1500\" height=\"844\" src=\"https:\/\/www.youtube.com\/embed\/gQcHICeGT0w?feature=oembed\" frameborder=\"0\" allow=\"accelerometer; autoplay; clipboard-write; encrypted-media; gyroscope; picture-in-picture; web-share\" allowfullscreen><\/iframe><\/div>\n<\/p>\n<p style=\"text-align: center;\">Un document de valorisation des r\u00e9sultats et des \u00e9changes sera bient\u00f4t disponible.\u00a0<\/p>\n<p style=\"text-align: center;\">\u00a0<\/p>\n<p style=\"text-align: center;\">\u00a0<\/p>\n<p>&nbsp;<\/p>\n<p>&nbsp;<\/p>\n<p style=\"text-align: center;\">\u00a0<\/p>\n<p>&nbsp;<\/p>\n<p style=\"text-align: center;\">\u00a0<\/p>\n<p style=\"text-align: center;\">\u00a0<\/p>\n<p>&nbsp;<\/p>\n<p>&nbsp;<\/p>\n<p>&nbsp;<\/p>\n<p>&nbsp;<\/p>\n<p>&nbsp;<\/p>\n<p>&nbsp;<\/p>","protected":false},"excerpt":{"rendered":"<p>L&rsquo;\u00e9quipe COSTEA remercie tou(te)s celles et ceux ayant particip\u00e9 au s\u00e9minaire en pr\u00e9sentiel comme en distanciel&nbsp;!\u00a0\u00a0 Con\u00e7u pour \u00eatre un lieu de rencontre et un moment d\u2019\u00e9changes entre scientifiques, experts, bureaux d&rsquo;\u00e9tudes, ma\u00eetrise d&rsquo;ouvrage, OP, minist\u00e8res, bailleurs de fonds internationaux actifs dans le secteur de l&rsquo;eau et de l&rsquo;agriculture et acteurs de la soci\u00e9t\u00e9 civile, [&hellip;]<\/p>","protected":false},"author":5,"template":"","tags":[],"localisation":[55],"type_contenu":[33],"acf":[],"_links":{"self":[{"href":"https:\/\/www.comite-costea.fr\/en\/wp-json\/wp\/v2\/actualite\/5625"}],"collection":[{"href":"https:\/\/www.comite-costea.fr\/en\/wp-json\/wp\/v2\/actualite"}],"about":[{"href":"https:\/\/www.comite-costea.fr\/en\/wp-json\/wp\/v2\/types\/actualite"}],"author":[{"embeddable":true,"href":"https:\/\/www.comite-costea.fr\/en\/wp-json\/wp\/v2\/users\/5"}],"wp:attachment":[{"href":"https:\/\/www.comite-costea.fr\/en\/wp-json\/wp\/v2\/media?parent=5625"}],"wp:term":[{"taxonomy":"post_tag","embeddable":true,"href":"https:\/\/www.comite-costea.fr\/en\/wp-json\/wp\/v2\/tags?post=5625"},{"taxonomy":"localisation","embeddable":true,"href":"https:\/\/www.comite-costea.fr\/en\/wp-json\/wp\/v2\/localisation?post=5625"},{"taxonomy":"type_contenu","embeddable":true,"href":"https:\/\/www.comite-costea.fr\/en\/wp-json\/wp\/v2\/type_contenu?post=5625"}],"curies":[{"name":"wp","href":"https:\/\/api.w.org\/{rel}","templated":true}]}}