{"id":7055,"date":"2020-01-01T10:11:06","date_gmt":"2020-01-01T09:11:06","guid":{"rendered":"https:\/\/www.comite-costea.fr\/?post_type=actualite&#038;p=7055"},"modified":"2023-03-01T10:57:21","modified_gmt":"2023-03-01T09:57:21","slug":"salon-international-de-lagriculture-2020","status":"publish","type":"actualite","link":"https:\/\/www.comite-costea.fr\/en\/actualite\/salon-international-de-lagriculture-2020\/","title":{"rendered":"Salon International de l&rsquo;agriculture 2020"},"content":{"rendered":"<p>Dates&nbsp;: \u00a0du samedi 22 f\u00e9vrier au dimanche 1er mars \u00e0 Paris\u00a0<\/p>\n<p>&nbsp;<\/p>\n<p>Notre ouvrage collectif \u00ab\u00a0Quelles agricultures irrigu\u00e9es demain\u00a0? R\u00e9pondre aux enjeux de s\u00e9curit\u00e9 alimentaire et du d\u00e9veloppement durable\u00bb est paru en mars 2020 aux Editions QUAE<br \/>\nIl a \u00e9t\u00e9 pr\u00e9sent\u00e9 en pr\u00e9sence de Bertrand Walckenaer, Directeur G\u00e9n\u00e9ral D\u00e9l\u00e9gu\u00e9 de l\u2019AFD sur le stand de l\u2019AFEID\u00a0<\/p>","protected":false},"excerpt":{"rendered":"<p>Dates&nbsp;: \u00a0du samedi 22 f\u00e9vrier au dimanche 1er mars \u00e0 Paris\u00a0 &nbsp; Notre ouvrage collectif \u00ab\u00a0Quelles agricultures irrigu\u00e9es demain\u00a0? R\u00e9pondre aux enjeux de s\u00e9curit\u00e9 alimentaire et du d\u00e9veloppement durable\u00bb est paru en mars 2020 aux Editions QUAE Il a \u00e9t\u00e9 pr\u00e9sent\u00e9 en pr\u00e9sence de Bertrand Walckenaer, Directeur G\u00e9n\u00e9ral D\u00e9l\u00e9gu\u00e9 de l\u2019AFD sur le stand de [&hellip;]<\/p>","protected":false},"author":5,"template":"","tags":[],"localisation":[55],"type_contenu":[33],"acf":[],"_links":{"self":[{"href":"https:\/\/www.comite-costea.fr\/en\/wp-json\/wp\/v2\/actualite\/7055"}],"collection":[{"href":"https:\/\/www.comite-costea.fr\/en\/wp-json\/wp\/v2\/actualite"}],"about":[{"href":"https:\/\/www.comite-costea.fr\/en\/wp-json\/wp\/v2\/types\/actualite"}],"author":[{"embeddable":true,"href":"https:\/\/www.comite-costea.fr\/en\/wp-json\/wp\/v2\/users\/5"}],"wp:attachment":[{"href":"https:\/\/www.comite-costea.fr\/en\/wp-json\/wp\/v2\/media?parent=7055"}],"wp:term":[{"taxonomy":"post_tag","embeddable":true,"href":"https:\/\/www.comite-costea.fr\/en\/wp-json\/wp\/v2\/tags?post=7055"},{"taxonomy":"localisation","embeddable":true,"href":"https:\/\/www.comite-costea.fr\/en\/wp-json\/wp\/v2\/localisation?post=7055"},{"taxonomy":"type_contenu","embeddable":true,"href":"https:\/\/www.comite-costea.fr\/en\/wp-json\/wp\/v2\/type_contenu?post=7055"}],"curies":[{"name":"wp","href":"https:\/\/api.w.org\/{rel}","templated":true}]}}